{"id":24917,"date":"2018-09-26T20:48:14","date_gmt":"2018-09-26T20:48:14","guid":{"rendered":"https:\/\/wordpress-851390-3159745.cloudwaysapps.com\/?p=24917"},"modified":"2018-09-26T20:48:14","modified_gmt":"2018-09-26T20:48:14","slug":"solar-farm-would-be-a-statement-on-our-environmental-values","status":"publish","type":"post","link":"https:\/\/www.holycross.com\/es\/blog\/solar-farm-would-be-a-statement-on-our-environmental-values","title":{"rendered":"Un parque solar ser\u00eda una declaraci\u00f3n de nuestros valores medioambientales"},"content":{"rendered":"<section class=\"wpb-content-wrapper\"><div class=\"vc_row wpb_row vc_row-fluid\">\n<div class=\"wpb_column vc_column_container vc_col-sm-12\">\n<div class=\"vc_column-inner\">\n<div class=\"wpb_wrapper\">\n<div class=\"wpb_text_column wpb_content_element\" >\n<div class=\"wpb_wrapper\">\n<p dir=\"ltr\">Noticias diarias de Aspen | 13 de septiembre de 2018<\/p>\n<p>Editor:<\/p>\n<p dir=\"ltr\">Como residente de W\/J y nativo de Roaring Fork Valley, me ha sorprendido mucho la oposici\u00f3n a este proyecto, aunque tal vez no deber\u00eda estarlo. Aspen es realmente una burbuja en s\u00ed misma.<\/p>\n<p dir=\"ltr\">Una cosa que la mayor\u00eda de los opositores a la propuesta de parque solar de Woody Creek tienen en com\u00fan: probablemente no vivir\u00e1n lo suficiente para presenciar las peores consecuencias del cambio clim\u00e1tico. Est\u00e1n haciendo una apuesta a muerte y probablemente ganen.<\/p>\n<div id=\"tncms-region-article_instory_top\" class=\"tncms-region hidden-print\"><\/div>\n<p dir=\"ltr\">\u00bfQu\u00e9 es una apuesta a muerte, preguntas? Es una simple apuesta a que cuando venza la factura, usted no estar\u00e1 presente para pagarla.<\/p>\n<p dir=\"ltr\"><a href=\"https:\/\/www.aspendailynews.com\/opinion\/solar-farm-would-be-a-statement-on-our-environmental-values\/article_4479a31c-b6f0-11e8-82b2-cf4934675636.html\" target=\"_blank\" rel=\"noopener\">Contin\u00fae leyendo en Aspen Daily News\u00a0<\/a><\/p>\n<\/p><\/div><\/div>\n<\/div>\n<\/div>\n<\/div>\n<\/div>\n<\/section>","protected":false},"excerpt":{"rendered":"<p>Aspen Daily News | 13 de septiembre de 2018 Editor: Como residente de West Jordan y nativo del valle de Roaring Fork, me ha sorprendido mucho la oposici\u00f3n a este proyecto, aunque quiz\u00e1 no deber\u00eda. Aspen es una burbuja en s\u00ed misma. Algo que la mayor\u00eda de los opositores de\u2026<\/p>","protected":false},"author":2,"featured_media":0,"comment_status":"closed","ping_status":"closed","sticky":false,"template":"","format":"standard","meta":{"_acf_changed":false,"footnotes":""},"categories":[52],"tags":[],"class_list":["post-24917","post","type-post","status-publish","format-standard","hentry","category-in-the-news"],"acf":[],"yoast_head":"<!-- This site is optimized with the Yoast SEO plugin v27.3 - https:\/\/yoast.com\/product\/yoast-seo-wordpress\/ -->\n<title>Solar farm would be a statement on our environmental values - Holy Cross Energy<\/title>\n<meta name=\"robots\" content=\"index, follow, max-snippet:-1, max-image-preview:large, max-video-preview:-1\" \/>\n<link rel=\"canonical\" href=\"https:\/\/www.holycross.com\/es\/blog\/solar-farm-would-be-a-statement-on-our-environmental-values\/\" \/>\n<meta property=\"og:locale\" content=\"es_MX\" \/>\n<meta property=\"og:type\" content=\"article\" \/>\n<meta property=\"og:title\" content=\"Solar farm would be a statement on our environmental values - Holy Cross Energy\" \/>\n<meta property=\"og:description\" content=\"Aspen Daily News | September 13th, 2018 Editor: As a W\/J resident and Roaring Fork Valley native, I&#8217;ve been really surprised by the opposition to this project, though maybe I shouldn\u2019t be. Aspen truly is a bubble unto itself. One thing most opponents of the...\" \/>\n<meta property=\"og:url\" content=\"https:\/\/www.holycross.com\/es\/blog\/solar-farm-would-be-a-statement-on-our-environmental-values\/\" \/>\n<meta property=\"og:site_name\" content=\"Holy Cross Energy\" \/>\n<meta property=\"article:published_time\" content=\"2018-09-26T20:48:14+00:00\" \/>\n<meta name=\"author\" content=\"hce123\" \/>\n<meta name=\"twitter:card\" content=\"summary_large_image\" \/>\n<meta name=\"twitter:label1\" content=\"Escrito por\" \/>\n\t<meta name=\"twitter:data1\" content=\"hce123\" \/>\n\t<meta name=\"twitter:label2\" content=\"Tiempo de lectura\" \/>\n\t<meta name=\"twitter:data2\" content=\"1 minuto\" \/>\n<script type=\"application\/ld+json\" class=\"yoast-schema-graph\">{\"@context\":\"https:\\\/\\\/schema.org\",\"@graph\":[{\"@type\":\"Article\",\"@id\":\"https:\\\/\\\/www.holycross.com\\\/blog\\\/solar-farm-would-be-a-statement-on-our-environmental-values#article\",\"isPartOf\":{\"@id\":\"https:\\\/\\\/www.holycross.com\\\/blog\\\/solar-farm-would-be-a-statement-on-our-environmental-values\"},\"author\":{\"name\":\"hce123\",\"@id\":\"https:\\\/\\\/www.holycross.com\\\/#\\\/schema\\\/person\\\/7c6a6e3265a02d971bbc7195c61cf5eb\"},\"headline\":\"Solar farm would be a statement on our environmental values\",\"datePublished\":\"2018-09-26T20:48:14+00:00\",\"mainEntityOfPage\":{\"@id\":\"https:\\\/\\\/www.holycross.com\\\/blog\\\/solar-farm-would-be-a-statement-on-our-environmental-values\"},\"wordCount\":122,\"publisher\":{\"@id\":\"https:\\\/\\\/www.holycross.com\\\/#organization\"},\"articleSection\":[\"In the news\"],\"inLanguage\":\"es\"},{\"@type\":\"WebPage\",\"@id\":\"https:\\\/\\\/www.holycross.com\\\/blog\\\/solar-farm-would-be-a-statement-on-our-environmental-values\",\"url\":\"https:\\\/\\\/www.holycross.com\\\/blog\\\/solar-farm-would-be-a-statement-on-our-environmental-values\",\"name\":\"Solar farm would be a statement on our environmental values - Holy Cross Energy\",\"isPartOf\":{\"@id\":\"https:\\\/\\\/www.holycross.com\\\/#website\"},\"datePublished\":\"2018-09-26T20:48:14+00:00\",\"breadcrumb\":{\"@id\":\"https:\\\/\\\/www.holycross.com\\\/blog\\\/solar-farm-would-be-a-statement-on-our-environmental-values#breadcrumb\"},\"inLanguage\":\"es\",\"potentialAction\":[{\"@type\":\"ReadAction\",\"target\":[\"https:\\\/\\\/www.holycross.com\\\/blog\\\/solar-farm-would-be-a-statement-on-our-environmental-values\"]}]},{\"@type\":\"BreadcrumbList\",\"@id\":\"https:\\\/\\\/www.holycross.com\\\/blog\\\/solar-farm-would-be-a-statement-on-our-environmental-values#breadcrumb\",\"itemListElement\":[{\"@type\":\"ListItem\",\"position\":1,\"name\":\"Home\",\"item\":\"https:\\\/\\\/www.holycross.com\\\/\"},{\"@type\":\"ListItem\",\"position\":2,\"name\":\"Solar farm would be a statement on our environmental values\"}]},{\"@type\":\"WebSite\",\"@id\":\"https:\\\/\\\/www.holycross.com\\\/#website\",\"url\":\"https:\\\/\\\/www.holycross.com\\\/\",\"name\":\"Holy Cross Energy\",\"description\":\"\",\"publisher\":{\"@id\":\"https:\\\/\\\/www.holycross.com\\\/#organization\"},\"potentialAction\":[{\"@type\":\"SearchAction\",\"target\":{\"@type\":\"EntryPoint\",\"urlTemplate\":\"https:\\\/\\\/www.holycross.com\\\/?s={search_term_string}\"},\"query-input\":{\"@type\":\"PropertyValueSpecification\",\"valueRequired\":true,\"valueName\":\"search_term_string\"}}],\"inLanguage\":\"es\"},{\"@type\":\"Organization\",\"@id\":\"https:\\\/\\\/www.holycross.com\\\/#organization\",\"name\":\"Holy Cross Energy\",\"url\":\"https:\\\/\\\/www.holycross.com\\\/\",\"logo\":{\"@type\":\"ImageObject\",\"inLanguage\":\"es\",\"@id\":\"https:\\\/\\\/www.holycross.com\\\/#\\\/schema\\\/logo\\\/image\\\/\",\"url\":\"https:\\\/\\\/www.holycross.com\\\/wp-content\\\/uploads\\\/2022\\\/07\\\/HCE-NEW-LOGO-GREEN.png\",\"contentUrl\":\"https:\\\/\\\/www.holycross.com\\\/wp-content\\\/uploads\\\/2022\\\/07\\\/HCE-NEW-LOGO-GREEN.png\",\"width\":288,\"height\":288,\"caption\":\"Holy Cross Energy\"},\"image\":{\"@id\":\"https:\\\/\\\/www.holycross.com\\\/#\\\/schema\\\/logo\\\/image\\\/\"}},{\"@type\":\"Person\",\"@id\":\"https:\\\/\\\/www.holycross.com\\\/#\\\/schema\\\/person\\\/7c6a6e3265a02d971bbc7195c61cf5eb\",\"name\":\"hce123\",\"image\":{\"@type\":\"ImageObject\",\"inLanguage\":\"es\",\"@id\":\"https:\\\/\\\/secure.gravatar.com\\\/avatar\\\/16b9f26d129a1cc1e259dbeb3ef244b8009487092a6a4645b9b22495492c266b?s=96&d=mm&r=g\",\"url\":\"https:\\\/\\\/secure.gravatar.com\\\/avatar\\\/16b9f26d129a1cc1e259dbeb3ef244b8009487092a6a4645b9b22495492c266b?s=96&d=mm&r=g\",\"contentUrl\":\"https:\\\/\\\/secure.gravatar.com\\\/avatar\\\/16b9f26d129a1cc1e259dbeb3ef244b8009487092a6a4645b9b22495492c266b?s=96&d=mm&r=g\",\"caption\":\"hce123\"},\"url\":\"https:\\\/\\\/www.holycross.com\\\/es\\\/blog\\\/author\\\/hce123\"}]}<\/script>\n<!-- \/ Yoast SEO plugin. -->","yoast_head_json":{"title":"Solar farm would be a statement on our environmental values - Holy Cross Energy","robots":{"index":"index","follow":"follow","max-snippet":"max-snippet:-1","max-image-preview":"max-image-preview:large","max-video-preview":"max-video-preview:-1"},"canonical":"https:\/\/www.holycross.com\/es\/blog\/solar-farm-would-be-a-statement-on-our-environmental-values\/","og_locale":"es_MX","og_type":"article","og_title":"Solar farm would be a statement on our environmental values - Holy Cross Energy","og_description":"Aspen Daily News | September 13th, 2018 Editor: As a W\/J resident and Roaring Fork Valley native, I&#8217;ve been really surprised by the opposition to this project, though maybe I shouldn\u2019t be. Aspen truly is a bubble unto itself. One thing most opponents of the...","og_url":"https:\/\/www.holycross.com\/es\/blog\/solar-farm-would-be-a-statement-on-our-environmental-values\/","og_site_name":"Holy Cross Energy","article_published_time":"2018-09-26T20:48:14+00:00","author":"hce123","twitter_card":"summary_large_image","twitter_misc":{"Escrito por":"hce123","Tiempo de lectura":"1 minuto"},"schema":{"@context":"https:\/\/schema.org","@graph":[{"@type":"Article","@id":"https:\/\/www.holycross.com\/blog\/solar-farm-would-be-a-statement-on-our-environmental-values#article","isPartOf":{"@id":"https:\/\/www.holycross.com\/blog\/solar-farm-would-be-a-statement-on-our-environmental-values"},"author":{"name":"hce123","@id":"https:\/\/www.holycross.com\/#\/schema\/person\/7c6a6e3265a02d971bbc7195c61cf5eb"},"headline":"Solar farm would be a statement on our environmental values","datePublished":"2018-09-26T20:48:14+00:00","mainEntityOfPage":{"@id":"https:\/\/www.holycross.com\/blog\/solar-farm-would-be-a-statement-on-our-environmental-values"},"wordCount":122,"publisher":{"@id":"https:\/\/www.holycross.com\/#organization"},"articleSection":["In the news"],"inLanguage":"es"},{"@type":"WebPage","@id":"https:\/\/www.holycross.com\/blog\/solar-farm-would-be-a-statement-on-our-environmental-values","url":"https:\/\/www.holycross.com\/blog\/solar-farm-would-be-a-statement-on-our-environmental-values","name":"Solar farm would be a statement on our environmental values - Holy Cross Energy","isPartOf":{"@id":"https:\/\/www.holycross.com\/#website"},"datePublished":"2018-09-26T20:48:14+00:00","breadcrumb":{"@id":"https:\/\/www.holycross.com\/blog\/solar-farm-would-be-a-statement-on-our-environmental-values#breadcrumb"},"inLanguage":"es","potentialAction":[{"@type":"ReadAction","target":["https:\/\/www.holycross.com\/blog\/solar-farm-would-be-a-statement-on-our-environmental-values"]}]},{"@type":"BreadcrumbList","@id":"https:\/\/www.holycross.com\/blog\/solar-farm-would-be-a-statement-on-our-environmental-values#breadcrumb","itemListElement":[{"@type":"ListItem","position":1,"name":"Home","item":"https:\/\/www.holycross.com\/"},{"@type":"ListItem","position":2,"name":"Solar farm would be a statement on our environmental values"}]},{"@type":"WebSite","@id":"https:\/\/www.holycross.com\/#website","url":"https:\/\/www.holycross.com\/","name":"Holy Cross Energy","description":"","publisher":{"@id":"https:\/\/www.holycross.com\/#organization"},"potentialAction":[{"@type":"SearchAction","target":{"@type":"EntryPoint","urlTemplate":"https:\/\/www.holycross.com\/?s={search_term_string}"},"query-input":{"@type":"PropertyValueSpecification","valueRequired":true,"valueName":"search_term_string"}}],"inLanguage":"es"},{"@type":"Organization","@id":"https:\/\/www.holycross.com\/#organization","name":"Holy Cross Energy","url":"https:\/\/www.holycross.com\/","logo":{"@type":"ImageObject","inLanguage":"es","@id":"https:\/\/www.holycross.com\/#\/schema\/logo\/image\/","url":"https:\/\/www.holycross.com\/wp-content\/uploads\/2022\/07\/HCE-NEW-LOGO-GREEN.png","contentUrl":"https:\/\/www.holycross.com\/wp-content\/uploads\/2022\/07\/HCE-NEW-LOGO-GREEN.png","width":288,"height":288,"caption":"Holy Cross Energy"},"image":{"@id":"https:\/\/www.holycross.com\/#\/schema\/logo\/image\/"}},{"@type":"Person","@id":"https:\/\/www.holycross.com\/#\/schema\/person\/7c6a6e3265a02d971bbc7195c61cf5eb","name":"hce123","image":{"@type":"ImageObject","inLanguage":"es","@id":"https:\/\/secure.gravatar.com\/avatar\/16b9f26d129a1cc1e259dbeb3ef244b8009487092a6a4645b9b22495492c266b?s=96&d=mm&r=g","url":"https:\/\/secure.gravatar.com\/avatar\/16b9f26d129a1cc1e259dbeb3ef244b8009487092a6a4645b9b22495492c266b?s=96&d=mm&r=g","contentUrl":"https:\/\/secure.gravatar.com\/avatar\/16b9f26d129a1cc1e259dbeb3ef244b8009487092a6a4645b9b22495492c266b?s=96&d=mm&r=g","caption":"hce123"},"url":"https:\/\/www.holycross.com\/es\/blog\/author\/hce123"}]}},"_links":{"self":[{"href":"https:\/\/www.holycross.com\/es\/wp-json\/wp\/v2\/posts\/24917","targetHints":{"allow":["GET"]}}],"collection":[{"href":"https:\/\/www.holycross.com\/es\/wp-json\/wp\/v2\/posts"}],"about":[{"href":"https:\/\/www.holycross.com\/es\/wp-json\/wp\/v2\/types\/post"}],"author":[{"embeddable":true,"href":"https:\/\/www.holycross.com\/es\/wp-json\/wp\/v2\/users\/2"}],"replies":[{"embeddable":true,"href":"https:\/\/www.holycross.com\/es\/wp-json\/wp\/v2\/comments?post=24917"}],"version-history":[{"count":0,"href":"https:\/\/www.holycross.com\/es\/wp-json\/wp\/v2\/posts\/24917\/revisions"}],"wp:attachment":[{"href":"https:\/\/www.holycross.com\/es\/wp-json\/wp\/v2\/media?parent=24917"}],"wp:term":[{"taxonomy":"category","embeddable":true,"href":"https:\/\/www.holycross.com\/es\/wp-json\/wp\/v2\/categories?post=24917"},{"taxonomy":"post_tag","embeddable":true,"href":"https:\/\/www.holycross.com\/es\/wp-json\/wp\/v2\/tags?post=24917"}],"curies":[{"name":"wp","href":"https:\/\/api.w.org\/{rel}","templated":true}]}}